{"id":8957,"date":"2023-03-30T07:35:19","date_gmt":"2023-03-30T07:35:19","guid":{"rendered":"https:\/\/blog.ilgiornale.it\/wallandstreet\/?p=8957"},"modified":"2023-03-30T07:35:19","modified_gmt":"2023-03-30T07:35:19","slug":"pnrr-evitare-la-beffa","status":"publish","type":"post","link":"https:\/\/blog.ilgiornale.it\/wallandstreet\/2023\/03\/30\/pnrr-evitare-la-beffa\/","title":{"rendered":"Pnrr, evitare la beffa"},"content":{"rendered":"<p><img loading=\"lazy\" class=\"aligncenter size-full wp-image-8958\" src=\"https:\/\/blog.ilgiornale.it\/wallandstreet\/files\/2023\/03\/D73395BA-5E39-4801-9137-B11AFD82A414-e1680161695255.jpeg\" alt=\"\" width=\"550\" height=\"289\" \/><br \/>\nVolevo ribadire un concetto. Da semplice cittadino. Il <strong>Pnrr<\/strong>, che consta di 68,9 miliardi di euro a fondo perduto e di 122,6 miliardi di prestiti, non \u00e8 ci\u00f2 che pensiamo che sia. Non \u00e8 uno strumento finanziario per stimolare la crescita del Paese dopo la pandemia. Il suo impatto aggregato sul Pil 2021-2026 \u00e8 del 3,2% ai valori dell\u2019inflazione di due anni fa. Quindi, zero o poco pi\u00f9. <b><u>Il suo valore \u00e8 simbolico: testimonia che l\u2019Unione europea si fida a tal punto dell\u2019Italia da affidarle 191,5 miliardi di euro. Il che \u00e8 una buona pubblicit\u00e0 sul mercato internazionale del debito pubblico<\/u><\/b>. Una sponsorizzazione ottenuta in cambio di alcune riforme che, in condizioni normali, nessun governo italiano avrebbe adottato per motivi di convenienze elettorali: dal <b>fisco<\/b> alla <b>concorrenza<\/b> alle <b>politiche attive per il lavoro<\/b>.<\/p>\n<p>I cronici ritardi della <b>burocrazia<\/b> nella sua attuazione e le conseguenti polemiche lasciano il tempo che trovano. Il governo <b>Meloni<\/b> non ha tutti i torti a dire che la situazione non dipende dalla sua responsabilit\u00e0, essendosi insediato da poco pi\u00f9 di quattro mesi a pieno regime. Ma tra poco anche questa giustificazione non sar\u00e0 pi\u00f9 utilizzabile. <b><u>L\u2019Italia non avrebbe dovuto chiedere tutto quel denaro e non avrebbe dovuto impegnarlo in una miriade di progetti dispersivi<\/u><\/b>. Il danno ormai \u00e8 fatto. Evitiamo almeno la beffa.<\/p>\n<p><b>Gian Maria De Francesco<\/b><\/p>\n","protected":false},"excerpt":{"rendered":"<p><p>Volevo ribadire un concetto. Da semplice cittadino. Il Pnrr, che consta di 68,9 miliardi di euro a fondo perduto e di 122,6 miliardi di prestiti, non \u00e8 ci\u00f2 che pensiamo che sia. Non \u00e8 uno strumento finanziario per stimolare la crescita del Paese dopo la pandemia. Il suo impatto aggregato sul Pil 2021-2026 \u00e8 del 3,2% ai valori dell\u2019inflazione di due anni fa. Quindi, zero o poco pi\u00f9. Il suo valore \u00e8 simbolico: testimonia che l\u2019Unione europea si fida a tal punto dell\u2019Italia da affidarle 191,5 miliardi di euro. Il che \u00e8 una buona pubblicit\u00e0 sul mercato internazionale del debito [&hellip;]<\/p>\n&nbsp;&nbsp;<div class=\"readmore\"><a href=\"https:\/\/blog.ilgiornale.it\/wallandstreet\/2023\/03\/30\/pnrr-evitare-la-beffa\/\">Continua a leggere...<\/a><\/div><\/p>","protected":false},"author":1006,"featured_media":0,"comment_status":"closed","ping_status":"closed","sticky":false,"template":"","format":"standard","meta":[],"categories":[26],"tags":[3159,752,11709,51207,15703,12947,12994,414131,417515,4698],"_links":{"self":[{"href":"https:\/\/blog.ilgiornale.it\/wallandstreet\/wp-json\/wp\/v2\/posts\/8957"}],"collection":[{"href":"https:\/\/blog.ilgiornale.it\/wallandstreet\/wp-json\/wp\/v2\/posts"}],"about":[{"href":"https:\/\/blog.ilgiornale.it\/wallandstreet\/wp-json\/wp\/v2\/types\/post"}],"author":[{"embeddable":true,"href":"https:\/\/blog.ilgiornale.it\/wallandstreet\/wp-json\/wp\/v2\/users\/1006"}],"replies":[{"embeddable":true,"href":"https:\/\/blog.ilgiornale.it\/wallandstreet\/wp-json\/wp\/v2\/comments?post=8957"}],"version-history":[{"count":1,"href":"https:\/\/blog.ilgiornale.it\/wallandstreet\/wp-json\/wp\/v2\/posts\/8957\/revisions"}],"predecessor-version":[{"id":8959,"href":"https:\/\/blog.ilgiornale.it\/wallandstreet\/wp-json\/wp\/v2\/posts\/8957\/revisions\/8959"}],"wp:attachment":[{"href":"https:\/\/blog.ilgiornale.it\/wallandstreet\/wp-json\/wp\/v2\/media?parent=8957"}],"wp:term":[{"taxonomy":"category","embeddable":true,"href":"https:\/\/blog.ilgiornale.it\/wallandstreet\/wp-json\/wp\/v2\/categories?post=8957"},{"taxonomy":"post_tag","embeddable":true,"href":"https:\/\/blog.ilgiornale.it\/wallandstreet\/wp-json\/wp\/v2\/tags?post=8957"}],"curies":[{"name":"wp","href":"https:\/\/api.w.org\/{rel}","templated":true}]}}