{"id":896,"date":"2013-02-04T14:22:10","date_gmt":"2013-02-04T14:22:10","guid":{"rendered":"https:\/\/blog.ilgiornale.it\/wallandstreet\/?p=896"},"modified":"2013-06-09T17:16:37","modified_gmt":"2013-06-09T17:16:37","slug":"tuttomontepaschi-il-presente","status":"publish","type":"post","link":"https:\/\/blog.ilgiornale.it\/wallandstreet\/2013\/02\/04\/tuttomontepaschi-il-presente\/","title":{"rendered":"TuttoMontePaschi &#8211; Il presente"},"content":{"rendered":"<p>[photopress:Profumo_Viola_1.jpg,full,pp_image]<\/p>\n<p>&nbsp;<\/p>\n<p>&nbsp;<\/p>\n<p>&nbsp;<\/p>\n<p>&nbsp;<\/p>\n<p>&nbsp;<\/p>\n<p>&nbsp;<\/p>\n<p>La gestione di <strong>Fabrizio Viola<\/strong> e <strong>Alessandro Profumo<\/strong> ha risolto parzialmente alcuni dei problemi elencati nel <a href=\"https:\/\/blog.ilgiornale.it\/wallandstreet\/?p=852\" target=\"_blank\">post precedente<\/a>, ma ne ha lasciati altri aperti. <strong>Antonveneta<\/strong> \u00e8 stata azzerata: in bilancio non vale nulla e dunque non pu\u00f2 pi\u00f9 appesantire i conti del Monte. Quelle operazioni in derivati sono state chiuse con perdite, ma rappresentano solo un ricordo.<\/p>\n<p>Come voltare pagina, per\u00f2?<\/p>\n<p>Il Monte dei Paschi dovr\u00e0 ripagare gi\u00e0 da quest&#8217;anno circa 500 milioni\u00a0allo Stato. I <strong>Monti-bond<\/strong> da 3,9\u00a0miliardi. Di questi 1,9 miliardi serviranno per ripagare i vecchi <strong>Tremonti-bond<\/strong> scaduti alla fine dell&#8217;anno scorso. Senza dimenticare il cedolone 2013 dei Monti-bond (350 milioni). Dunque, quest&#8217;anno il Monte parte gi\u00e0 con un conto economico zavorrato da questi 500 milioni di interessi.<\/p>\n<p>Senza contare che <strong>1.100 prepensionamenti<\/strong> implicheranno un aumento &#8211; seppur temporaneo &#8211; dei costi. Il 2013 del Monte, anche se ora si parla d&#8217;altro, sar\u00e0 difficile: sulla base di queste premesse, il raggiungimento di un profitto \u00e8 una pura chimera.<\/p>\n<p>E allora? Si possono dare <strong>3,9 miliardi di risorse pubbliche<\/strong> a una banca che ne capitalizza circa 3? S\u00ec! Perch\u00e9 l&#8217;alternativa sarebbe disastrosa per tutti noi italiani. Il commissariamento e l&#8217;eventuale (sebbene remotissima) liquidazione coatta della terza banca nazionale (fatti salvi i depositi che sono garantiti fino a 100mila euro dal <strong>Fondo di Tutela<\/strong>) sarebbe &#8211; questo s\u00ec &#8211; un grave colpo alla credibilit\u00e0 del Paese. Nazionalizzarla? Se &#8211; eventualmente &#8211; lo Stato contemplasse l&#8217;ipotesi di farsi pagare gli interessi in azioni, \u00e8 percorribile. Anche il presidente Alessandro Profumo ha sfatato questo tab\u00f9.<\/p>\n<p><strong>Wall &amp; Street<\/strong><\/p>\n","protected":false},"excerpt":{"rendered":"<p><p>[photopress:Profumo_Viola_1.jpg,full,pp_image] &nbsp; &nbsp; &nbsp; &nbsp; &nbsp; &nbsp; La gestione di Fabrizio Viola e Alessandro Profumo ha risolto parzialmente alcuni dei problemi elencati nel post precedente, ma ne ha lasciati altri aperti. Antonveneta \u00e8 stata azzerata: in bilancio non vale nulla e dunque non pu\u00f2 pi\u00f9 appesantire i conti del Monte. Quelle operazioni in derivati sono state chiuse con perdite, ma rappresentano solo un ricordo. Come voltare pagina, per\u00f2? Il Monte dei Paschi dovr\u00e0 ripagare gi\u00e0 da quest&#8217;anno circa 500 milioni\u00a0allo Stato. I Monti-bond da 3,9\u00a0miliardi. Di questi 1,9 miliardi serviranno per ripagare i vecchi Tremonti-bond scaduti alla fine dell&#8217;anno scorso. [&hellip;]<\/p>\n&nbsp;&nbsp;<div class=\"readmore\"><a href=\"https:\/\/blog.ilgiornale.it\/wallandstreet\/2013\/02\/04\/tuttomontepaschi-il-presente\/\">Continua a leggere...<\/a><\/div><\/p>","protected":false},"author":1006,"featured_media":0,"comment_status":"open","ping_status":"closed","sticky":false,"template":"","format":"standard","meta":[],"categories":[15706],"tags":[22682,22674,22676,778,22687,15755,16911,22680,22686,10760,22679,168,5752,18710,15774,22693,22681,22694,16845,18711],"_links":{"self":[{"href":"https:\/\/blog.ilgiornale.it\/wallandstreet\/wp-json\/wp\/v2\/posts\/896"}],"collection":[{"href":"https:\/\/blog.ilgiornale.it\/wallandstreet\/wp-json\/wp\/v2\/posts"}],"about":[{"href":"https:\/\/blog.ilgiornale.it\/wallandstreet\/wp-json\/wp\/v2\/types\/post"}],"author":[{"embeddable":true,"href":"https:\/\/blog.ilgiornale.it\/wallandstreet\/wp-json\/wp\/v2\/users\/1006"}],"replies":[{"embeddable":true,"href":"https:\/\/blog.ilgiornale.it\/wallandstreet\/wp-json\/wp\/v2\/comments?post=896"}],"version-history":[{"count":8,"href":"https:\/\/blog.ilgiornale.it\/wallandstreet\/wp-json\/wp\/v2\/posts\/896\/revisions"}],"predecessor-version":[{"id":915,"href":"https:\/\/blog.ilgiornale.it\/wallandstreet\/wp-json\/wp\/v2\/posts\/896\/revisions\/915"}],"wp:attachment":[{"href":"https:\/\/blog.ilgiornale.it\/wallandstreet\/wp-json\/wp\/v2\/media?parent=896"}],"wp:term":[{"taxonomy":"category","embeddable":true,"href":"https:\/\/blog.ilgiornale.it\/wallandstreet\/wp-json\/wp\/v2\/categories?post=896"},{"taxonomy":"post_tag","embeddable":true,"href":"https:\/\/blog.ilgiornale.it\/wallandstreet\/wp-json\/wp\/v2\/tags?post=896"}],"curies":[{"name":"wp","href":"https:\/\/api.w.org\/{rel}","templated":true}]}}