{"id":8988,"date":"2023-09-03T20:23:00","date_gmt":"2023-09-03T20:23:00","guid":{"rendered":"https:\/\/blog.ilgiornale.it\/wallandstreet\/?p=8988"},"modified":"2023-09-03T20:23:00","modified_gmt":"2023-09-03T20:23:00","slug":"cernobbio-promuove-il-governo-con-riserva","status":"publish","type":"post","link":"https:\/\/blog.ilgiornale.it\/wallandstreet\/2023\/09\/03\/cernobbio-promuove-il-governo-con-riserva\/","title":{"rendered":"Cernobbio promuove il governo (con riserva)"},"content":{"rendered":"<p><img loading=\"lazy\" class=\"aligncenter size-full wp-image-8989\" src=\"https:\/\/blog.ilgiornale.it\/wallandstreet\/files\/2023\/09\/Cernobbio-e1693769694167.jpg\" alt=\"\" width=\"550\" height=\"366\" \/>La maggioranza dei partecipanti alla 49esima edizione del Forum annuale di <strong>The European House &#8211; Ambrosetti<\/strong> a <strong>Cernobbio<\/strong> ha giudicato in modo positivo l\u2019operato del governo <strong>Meloni<\/strong>, mentre le opinioni sono molto negative sulla tassa sugli extra-profitti. \u00c8 quanto emerge dai risultati del televoto, a cui hanno risposto i rappresentanti al <strong>Forum Ambrosetti<\/strong>. In particolare, <span style=\"text-decoration: underline\"><strong>il 69% della business community ha considerato in modo positivo l\u2019operato del governo<\/strong><\/span>. Negativo il giudizio da parte di circa il 18,3% dei presenti. La manovra sugli <strong>extraprofitti<\/strong> delle <strong>banche<\/strong>: il 33,3% della platea ha valutato molto negativamente la proposta (62,8% il totale dei voti contrari). Ecco le opinioni di alcuni partecipanti al workshop.<\/p>\n<p>&nbsp;<\/p>\n<p><img loading=\"lazy\" class=\"alignleft size-medium wp-image-8990\" src=\"https:\/\/blog.ilgiornale.it\/wallandstreet\/files\/2023\/09\/Garbi-300x262.jpg\" alt=\"\" width=\"300\" height=\"262\" srcset=\"https:\/\/blog.ilgiornale.it\/wallandstreet\/files\/2023\/09\/Garbi-300x262.jpg 300w, https:\/\/blog.ilgiornale.it\/wallandstreet\/files\/2023\/09\/Garbi-768x671.jpg 768w, https:\/\/blog.ilgiornale.it\/wallandstreet\/files\/2023\/09\/Garbi.jpg 829w\" sizes=\"(max-width: 300px) 100vw, 300px\" \/><strong>Gianluca Garbi (ad Banca Sistema)<\/strong>: \u00abUna tassa sugli extramargini delle banche, dopo tanti trimestri consecutivi di crescita degli utili, era prevedibile. Certo, la modalit\u00e0 non \u00e8 corretta ma \u00e8 nell&#8217;ordine delle cose. Il gradimento della platea \u00e8 evidente anche la quota di partecipanti che ha assegnato un voto nell&#8217;area della sufficienza \u00e8 numerosa e, dunque, il giudizio complessivo non pu\u00f2 considerarsi come qualcosa di definitivamente acquisito. La proposta per facilitare il riscatto degli <strong>Npl<\/strong>? Quei pochi che oggi vengono acquistati al 100% del valore nominale contribuiscono a ripagare i molti che spesso non vengono ripagati. Se si fissa ex ante un prezzo di acquisto, si metteranno in difficolt\u00e0 gli istituti che operano in questo mercato\u00bb.<\/p>\n<p>&nbsp;<\/p>\n<p><img loading=\"lazy\" class=\"alignleft size-medium wp-image-8992\" src=\"https:\/\/blog.ilgiornale.it\/wallandstreet\/files\/2023\/09\/Antonio-Amati-300x221.jpg\" alt=\"\" width=\"300\" height=\"221\" srcset=\"https:\/\/blog.ilgiornale.it\/wallandstreet\/files\/2023\/09\/Antonio-Amati-300x221.jpg 300w, https:\/\/blog.ilgiornale.it\/wallandstreet\/files\/2023\/09\/Antonio-Amati.jpg 600w\" sizes=\"(max-width: 300px) 100vw, 300px\" \/><strong>Antonio Amati (general manager Almaviva)<\/strong>: \u00abC&#8217;\u00e8 una complessiva soddisfazione nei confronti dell&#8217;operato del governo anche se vi sono dei punti critici. La <strong>manovra<\/strong> sembra complessivamente definita nei suoi indirizzi generali, dunque il punto fondamentale diventa realizzare tutti gli investimenti previsti dal <strong>Pnrr<\/strong>. La proposta sul <strong>salario minimo<\/strong>? Nell&#8217;<strong>Information Technology<\/strong> le retribuzioni hanno un livello superiore al minimo individuato dalla proposta di legge (9 euro lordi l&#8217;ora; ndr), il vero problema \u00e8 trovare i profili adeguati\u00bb.<\/p>\n<p>&nbsp;<\/p>\n<p><img loading=\"lazy\" class=\"alignleft size-medium wp-image-8995\" src=\"https:\/\/blog.ilgiornale.it\/wallandstreet\/files\/2023\/09\/Lorenzo-Benigni-300x300.jpg\" alt=\"\" width=\"300\" height=\"300\" srcset=\"https:\/\/blog.ilgiornale.it\/wallandstreet\/files\/2023\/09\/Lorenzo-Benigni-300x300.jpg 300w, https:\/\/blog.ilgiornale.it\/wallandstreet\/files\/2023\/09\/Lorenzo-Benigni-150x150.jpg 150w, https:\/\/blog.ilgiornale.it\/wallandstreet\/files\/2023\/09\/Lorenzo-Benigni-768x768.jpg 768w, https:\/\/blog.ilgiornale.it\/wallandstreet\/files\/2023\/09\/Lorenzo-Benigni.jpg 800w\" sizes=\"(max-width: 300px) 100vw, 300px\" \/><strong>Lorenzo Benigni (Senior Vice President Gruppo Elettronica)<\/strong>: \u00abIl nostro gruppo opera nel settore difesa che si basa su budget pluriennali, dunque un eventuale rallentamento della congiuntura non dovrebbe incidere sull&#8217;andamento del business. Il vero problema non \u00e8 il salario minimo ma l&#8217;<strong>occupazione<\/strong>: per formare un giovane ingegnere noi impieghiamo dai 3 ai 5 anni, poi arriva un colosso hi-tech come <strong>Google<\/strong> che offre retribuzioni molto superiori e a noi tocca ripartire da capo. Questo tipo di concorrenza crea distorsioni sul mercato\u00bb.<\/p>\n<p>&nbsp;<\/p>\n<p><img loading=\"lazy\" class=\"alignleft size-medium wp-image-8998\" src=\"https:\/\/blog.ilgiornale.it\/wallandstreet\/files\/2023\/09\/Valentino-Confalone-003-200x300.jpg\" alt=\"\" width=\"200\" height=\"300\" srcset=\"https:\/\/blog.ilgiornale.it\/wallandstreet\/files\/2023\/09\/Valentino-Confalone-003-200x300.jpg 200w, https:\/\/blog.ilgiornale.it\/wallandstreet\/files\/2023\/09\/Valentino-Confalone-003-682x1024.jpg 682w, https:\/\/blog.ilgiornale.it\/wallandstreet\/files\/2023\/09\/Valentino-Confalone-003-768x1152.jpg 768w, https:\/\/blog.ilgiornale.it\/wallandstreet\/files\/2023\/09\/Valentino-Confalone-003-1024x1536.jpg 1024w, https:\/\/blog.ilgiornale.it\/wallandstreet\/files\/2023\/09\/Valentino-Confalone-003.jpg 1301w\" sizes=\"(max-width: 200px) 100vw, 200px\" \/><strong>Valentino Confalone (Country Presidente Novartis Italia)<\/strong>: \u00abIl gradimento \u00e8 reale perch\u00e9 \u00e8 un governo che ha prestato grande ascolto al mondo delle imprese. Ora la priorit\u00e0 \u00e8 la <strong>legge di Bilancio<\/strong> per tradurre le aspettative in atti concreti. Se non si adottano le misure giuste, il rischio \u00e8 che il calo del <strong>Pil<\/strong> non sia un fenomeno transitorio. La priorit\u00e0 sono la realizzazione degli investimenti del Pnrr e la <strong>semplificazione<\/strong>. La <strong>Spagna<\/strong> ci ha superato nella pubblicazione di <strong>studi clinici<\/strong> in soli due anni perch\u00e9 ha defiscalizzato e semplificato. Noi, invece, dobbiamo riuscire ad attrarre investimenti perch\u00e9 abbiamo costi di produzione tra i pi\u00f9 bassi in Europa. Inoltre, la manovra dovr\u00e0 dare risposte sul <a href=\"https:\/\/www.ilgiornale.it\/news\/politica\/manovra-obiettivo-pensioni-e-salvini-conferma-ponte-2203749.html\"><strong>payback sanitario<\/strong><\/a>\u00bb.<\/p>\n<p>&nbsp;<\/p>\n<p><img loading=\"lazy\" class=\"alignleft size-full wp-image-8999\" src=\"https:\/\/blog.ilgiornale.it\/wallandstreet\/files\/2023\/09\/Achille-Colombo-Clerici.jpg\" alt=\"\" width=\"183\" height=\"275\" \/><strong>Achille Colombo Clerici (presidente Assoedilizia)<\/strong>: \u00abIl nostro giudizio sull&#8217;operato \u00e8 positivo perch\u00e9 le azioni intraprese hanno portato risultati dal punto di vista della crescita, prima dell&#8217;ultima battuta d&#8217;arresto. Il problema \u00e8 il <strong>Superbonus 110%<\/strong> che, comunque, \u00e8 una misura che vorremmo in qualche modo confermata per le positive ricadute economiche. La soluzione potrebbe essere quella di un Fondo comune europeo per la l&#8217;efficientamento energetico, materia che attiene la direttiva recentemente approvata. In Italia queste spese ricadono sulle spalle delle famiglie in quanto l&#8217;81% di esse \u00e8 proprietario di immobili, a differenza del resto d&#8217;Europa. Dunque, non si pu\u00f2 pensare che siano i privati a farsene interamente carico\u00bb.<\/p>\n<p><strong>Gian Maria De Francesco<\/strong><\/p>\n","protected":false},"excerpt":{"rendered":"<p><p>La maggioranza dei partecipanti alla 49esima edizione del Forum annuale di The European House &#8211; Ambrosetti a Cernobbio ha giudicato in modo positivo l\u2019operato del governo Meloni, mentre le opinioni sono molto negative sulla tassa sugli extra-profitti. \u00c8 quanto emerge dai risultati del televoto, a cui hanno risposto i rappresentanti al Forum Ambrosetti. In particolare, il 69% della business community ha considerato in modo positivo l\u2019operato del governo. Negativo il giudizio da parte di circa il 18,3% dei presenti. La manovra sugli extraprofitti delle banche: il 33,3% della platea ha valutato molto negativamente la proposta (62,8% il totale dei voti [&hellip;]<\/p>\n&nbsp;&nbsp;<div class=\"readmore\"><a href=\"https:\/\/blog.ilgiornale.it\/wallandstreet\/2023\/09\/03\/cernobbio-promuove-il-governo-con-riserva\/\">Continua a leggere...<\/a><\/div><\/p>","protected":false},"author":1006,"featured_media":0,"comment_status":"closed","ping_status":"closed","sticky":false,"template":"","format":"standard","meta":[],"categories":[26],"tags":[470390,470394,470393,470391,470395,7663,55768,49712,27421,470386,470389,18594,470397,74620,193223,470396,40245,121564,6935,470399,12994,22933,7194,4990,31022,417523,470398,470388,470387,470392],"_links":{"self":[{"href":"https:\/\/blog.ilgiornale.it\/wallandstreet\/wp-json\/wp\/v2\/posts\/8988"}],"collection":[{"href":"https:\/\/blog.ilgiornale.it\/wallandstreet\/wp-json\/wp\/v2\/posts"}],"about":[{"href":"https:\/\/blog.ilgiornale.it\/wallandstreet\/wp-json\/wp\/v2\/types\/post"}],"author":[{"embeddable":true,"href":"https:\/\/blog.ilgiornale.it\/wallandstreet\/wp-json\/wp\/v2\/users\/1006"}],"replies":[{"embeddable":true,"href":"https:\/\/blog.ilgiornale.it\/wallandstreet\/wp-json\/wp\/v2\/comments?post=8988"}],"version-history":[{"count":5,"href":"https:\/\/blog.ilgiornale.it\/wallandstreet\/wp-json\/wp\/v2\/posts\/8988\/revisions"}],"predecessor-version":[{"id":9000,"href":"https:\/\/blog.ilgiornale.it\/wallandstreet\/wp-json\/wp\/v2\/posts\/8988\/revisions\/9000"}],"wp:attachment":[{"href":"https:\/\/blog.ilgiornale.it\/wallandstreet\/wp-json\/wp\/v2\/media?parent=8988"}],"wp:term":[{"taxonomy":"category","embeddable":true,"href":"https:\/\/blog.ilgiornale.it\/wallandstreet\/wp-json\/wp\/v2\/categories?post=8988"},{"taxonomy":"post_tag","embeddable":true,"href":"https:\/\/blog.ilgiornale.it\/wallandstreet\/wp-json\/wp\/v2\/tags?post=8988"}],"curies":[{"name":"wp","href":"https:\/\/api.w.org\/{rel}","templated":true}]}}