{"id":9119,"date":"2024-07-05T13:35:17","date_gmt":"2024-07-05T13:35:17","guid":{"rendered":"https:\/\/blog.ilgiornale.it\/wallandstreet\/?p=9119"},"modified":"2024-07-05T13:35:17","modified_gmt":"2024-07-05T13:35:17","slug":"imparare-a-imparare-live","status":"publish","type":"post","link":"https:\/\/blog.ilgiornale.it\/wallandstreet\/2024\/07\/05\/imparare-a-imparare-live\/","title":{"rendered":"Imparare a imparare &#8211; Live"},"content":{"rendered":"<p><img loading=\"lazy\" class=\"aligncenter size-full wp-image-9121\" src=\"https:\/\/blog.ilgiornale.it\/wallandstreet\/files\/2024\/07\/bambino-in-bicicleetta-ai-rd-e1720182677109.png\" alt=\"\" width=\"550\" height=\"550\" \/><\/p>\n<p><strong>Skilla<\/strong>, societ\u00e0 che si occupa di <strong>formazione<\/strong> per il settore delle imprese, in questi giorni ha presentato, insieme a <strong>Incontatto<\/strong>, una <a href=\"https:\/\/www.scribd.com\/document\/748126113\/Nuovi-Scenari-Di-Apprendimento\"><span style=\"text-decoration: underline\"><strong>ricerca<\/strong><\/span><\/a> effettuata in ambito aziendale sui nuovi scenari dell&#8217;<strong>apprendimento<\/strong> ovvero quali siano le necessit\u00e0 dei contesti aziendali all&#8217;interno di un percorso formativo che \u00e8 sempre pi\u00f9 utile per tutti quanti anche perch\u00e9 ormai considerato il progresso tecnologico la formazione non si ferma mai perch\u00e9 chi non si aggiorna resta indietro. Le principali risultanze di questa indagine riguardano, appunto, <span style=\"text-decoration: underline\"><strong>l&#8217;evoluzione della formazione che si configurer\u00e0 sempre pi\u00f9 come un viaggio e che soprattutto deve essere approcciata in maniera olistica per cui non \u00e8 solo trasmissione di contenuti, ma anche un elemento fondativo dei processi sociali, dei percorsi culturali e della stessa natura dell&#8217;organizzazione<\/strong><\/span>. \u00abC&#8217;\u00e8 una consapevolezza di un passaggio epocale che il <strong>Censis<\/strong>, ad esempio, aveva colto come il fenomeno del\u00a0<a href=\"https:\/\/www.ansa.it\/sito\/notizie\/cronaca\/2023\/12\/01\/censis-italiani-sonnambuli-vecchi-e-spaventati-dal-clima-e-dalla-guerra_038dd2de-ddc8-4af6-b985-72b9b7e33603.html\"><strong>sonnambulismo<\/strong><\/a>, ma preferisco il termine \u201cstordimento\u201d di fronte ai tumultuosi cambiamenti che sono in atto e che fanno emergere anche fenomeni nuovi come la ricerca di un senso e uno scopo al lavoro che si svolge\u00bb, spiega Amicucci.<\/p>\n<p><iframe title=\"IMPARARE A IMPARARE - WALL &amp; STREET LIVE\" width=\"500\" height=\"281\" src=\"https:\/\/www.youtube.com\/embed\/paG7l8zzDbU?feature=oembed\" frameborder=\"0\" allow=\"accelerometer; autoplay; clipboard-write; encrypted-media; gyroscope; picture-in-picture; web-share\" referrerpolicy=\"strict-origin-when-cross-origin\" allowfullscreen><\/iframe><\/p>\n<p><img loading=\"lazy\" class=\"alignleft size-medium wp-image-8154\" src=\"https:\/\/blog.ilgiornale.it\/wallandstreet\/files\/2018\/08\/Franco_Amicucci-300x206.jpg\" alt=\"\" width=\"300\" height=\"206\" srcset=\"https:\/\/blog.ilgiornale.it\/wallandstreet\/files\/2018\/08\/Franco_Amicucci-300x206.jpg 300w, https:\/\/blog.ilgiornale.it\/wallandstreet\/files\/2018\/08\/Franco_Amicucci.jpg 400w\" sizes=\"(max-width: 300px) 100vw, 300px\" \/>\u00abLa ricerca &#8211; prosegue &#8211; ha rilevato un fattore costante, la domanda di <strong>benessere<\/strong>. Parliamo di <em><strong>Health Economy<\/strong><\/em>, una nuova economia del benessere. Le organizzazioni stanno ripensando le modalit\u00e0 di gestire il lavoro, pensiamo solo al tema dello <strong>smart working<\/strong> da una parte o il tema della <strong>gerarchia<\/strong> dall&#8217;altra, ad esempio\u00bb. L&#8217;apprendimento diventa cos\u00ec il luogo del lusso aziendale, come elemento privilegiato per attivare quello che oggi sta mancando che \u00e8 il pensiero lento. \u00abIn una societ\u00e0 cos\u00ec veloce, cos\u00ec tumultuosa, la domanda di avere spazi di riflessione per domandarsi dove stiamo andando, cosa sta succedendo, qual \u00e8 il mio ruolo, quale sar\u00e0 il mio futuro. L&#8217;apprendimento come fattore continuo ma anche come fattore privilegiato per aiutare le persone a comprendere, ad avere consapevolezza\u00bb, osserva Amicucci.<\/p>\n<p>\u00abIl premio Nobel <strong>Kahneman <\/strong>diceva che il 95% del nostro tempo \u00e8 pensiero veloce, tutto in automatico, tutto senza rifletterci, abbiamo il 5% di pensiero lento. Ecco, aumentare un po&#8217; lo spazio per il pensiero lento, per riflettere, per interconnettere, per interpretare, per leggere i dati, per un senso significa riprendere in mano per le persone la propria vita, per le organizzazioni il proprio futuro\u00bb, precisa.\u00a0Quindi lo spazio per la riflessione \u00e8 una skill importante. Per quanto riguarda le hard skills, conclude, invece \u00e8 il mercato del lavoro che ci sta dando dei segnali importanti. \u00abNoi siamo fortemente carenti di competenze tecniche su alcuni settori nel campo non solo del <strong>digitale<\/strong> ma della <strong>robotica<\/strong> o di altri settori anche magari di pi\u00f9 bassa qualificazione ma importantissimi come nel settore del <strong>turismo<\/strong>\u00bb, afferma.<\/p>\n<p><strong>Gian Maria De Francesco<\/strong><\/p>\n","protected":false},"excerpt":{"rendered":"<p><p>Skilla, societ\u00e0 che si occupa di formazione per il settore delle imprese, in questi giorni ha presentato, insieme a Incontatto, una ricerca effettuata in ambito aziendale sui nuovi scenari dell&#8217;apprendimento ovvero quali siano le necessit\u00e0 dei contesti aziendali all&#8217;interno di un percorso formativo che \u00e8 sempre pi\u00f9 utile per tutti quanti anche perch\u00e9 ormai considerato il progresso tecnologico la formazione non si ferma mai perch\u00e9 chi non si aggiorna resta indietro. Le principali risultanze di questa indagine riguardano, appunto, l&#8217;evoluzione della formazione che si configurer\u00e0 sempre pi\u00f9 come un viaggio e che soprattutto deve essere approcciata in maniera olistica per [&hellip;]<\/p>\n&nbsp;&nbsp;<div class=\"readmore\"><a href=\"https:\/\/blog.ilgiornale.it\/wallandstreet\/2024\/07\/05\/imparare-a-imparare-live\/\">Continua a leggere...<\/a><\/div><\/p>","protected":false},"author":1006,"featured_media":0,"comment_status":"closed","ping_status":"closed","sticky":false,"template":"","format":"standard","meta":[],"categories":[407365],"tags":[2554,11703,282677,241,27421,296904,407368,470511,12947,470513,470512,470510,417532,381225,222172,407367,470509,22723],"_links":{"self":[{"href":"https:\/\/blog.ilgiornale.it\/wallandstreet\/wp-json\/wp\/v2\/posts\/9119"}],"collection":[{"href":"https:\/\/blog.ilgiornale.it\/wallandstreet\/wp-json\/wp\/v2\/posts"}],"about":[{"href":"https:\/\/blog.ilgiornale.it\/wallandstreet\/wp-json\/wp\/v2\/types\/post"}],"author":[{"embeddable":true,"href":"https:\/\/blog.ilgiornale.it\/wallandstreet\/wp-json\/wp\/v2\/users\/1006"}],"replies":[{"embeddable":true,"href":"https:\/\/blog.ilgiornale.it\/wallandstreet\/wp-json\/wp\/v2\/comments?post=9119"}],"version-history":[{"count":3,"href":"https:\/\/blog.ilgiornale.it\/wallandstreet\/wp-json\/wp\/v2\/posts\/9119\/revisions"}],"predecessor-version":[{"id":9123,"href":"https:\/\/blog.ilgiornale.it\/wallandstreet\/wp-json\/wp\/v2\/posts\/9119\/revisions\/9123"}],"wp:attachment":[{"href":"https:\/\/blog.ilgiornale.it\/wallandstreet\/wp-json\/wp\/v2\/media?parent=9119"}],"wp:term":[{"taxonomy":"category","embeddable":true,"href":"https:\/\/blog.ilgiornale.it\/wallandstreet\/wp-json\/wp\/v2\/categories?post=9119"},{"taxonomy":"post_tag","embeddable":true,"href":"https:\/\/blog.ilgiornale.it\/wallandstreet\/wp-json\/wp\/v2\/tags?post=9119"}],"curies":[{"name":"wp","href":"https:\/\/api.w.org\/{rel}","templated":true}]}}