{"id":947,"date":"2013-02-07T16:04:48","date_gmt":"2013-02-07T16:04:48","guid":{"rendered":"https:\/\/blog.ilgiornale.it\/wallandstreet\/?p=947"},"modified":"2013-08-28T06:30:40","modified_gmt":"2013-08-28T06:30:40","slug":"quelle-false-lezioni-americane","status":"publish","type":"post","link":"https:\/\/blog.ilgiornale.it\/wallandstreet\/2013\/02\/07\/quelle-false-lezioni-americane\/","title":{"rendered":"Quelle (false) lezioni americane"},"content":{"rendered":"<p>Prima il <strong>Wall Street Journal<\/strong> e il <strong>Financial Times<\/strong>,\u00a0poi <a href=\"http:\/\/bloom.bg\/XngoWF\" target=\"_blank\">Bloomberg<\/a>.\u00a0La\u00a0grande stampa finanziaria degli <strong>Stati Uniti<\/strong>\u00a0\u00a0scarica tutta la responsabilit\u00e0 del <strong>calo delle Borse<\/strong> internazionali su quella che considera la\u00a0\u00a0<strong>campagna \u00abanti-austerit\u00e0\u00bb<\/strong> rilanciata dal <strong>Pdl<\/strong> in vista dell&#8217;ormai prossimo appuntamento elettorale. In buona sostanza, secondo i commentatori Usa, i mercati avrebbero valutato negativamente l&#8217;annuncio di <strong>Silvio Berlusconi<\/strong> di <strong>restituire \u00a0l&#8217;Imu sulla prima casa<\/strong> alle famiglie italiane come primo atto\u00a0di governo (in caso di vittoria)\u00a0per rimediare alla scartavetrata di tasse con cui il governo di <strong>Mario Monti<\/strong>\u00a0ha ulteriormente danneggiato (e questo \u00e8 inconfutabile) i gi\u00e0 pericolanti bilanci di imprese e cittadini.<\/p>\n<p><em>Wall &amp; Street<\/em> non sono spocchiosi e non vi parlano di <strong>politica<\/strong>.\u00a0E anche in questo caso vi invitano a non sottovalutare alcuni elementi che il clamore mediatico ha portato a trascurare. E soprattutto vi pongono una domanda. Pu\u00f2 la promessa di restituire 4 miliardi di Imu far aumentare la <strong>volatilit\u00e0<\/strong> della Borsa e far salire lo <strong>spread<\/strong> tra <strong>Btp<\/strong> e <strong>Bund<\/strong>? La risposta ve la anticipiamo. <span style=\"text-decoration: underline\"><strong>NO!<\/strong><\/span><\/p>\n<p>&nbsp;<\/p>\n<p>[photopress:EURUSD.png,full,centered]<\/p>\n<p>&nbsp;<\/p>\n<p>Ecco perch\u00e8:<\/p>\n<p>1)\u00a0L&#8217;<strong>euro-dollaro<\/strong>\u00a0nelle\u00a0ultime settimane \u00e8 giunto a un passo\u00a0da quota 1,4 (attestandosi a un massimo di 1,3711), un livello da mettere le vertigini visto lo stato di <strong>Eurolandia<\/strong>.\u00a0Vi risparmiamo la solita minestra \u00a0(<span style=\"text-decoration: underline\"><em>la rivalutazione penalizza gli stati pi\u00f9 deboli dell&#8217;Eurozona e in misura minore la Germania che comunque compensa le perdite di competitivit\u00e0 sull&#8217;estero, rafforzandosi sempre pi\u00f9 sul mercato dell&#8217;area euro<\/em><\/span>)\u00a0che comunque \u00e8 verissima. Qui si tratta\u00a0di andamento del mercato: 1,37 \u00e8 un livello\u00a0per ora non\u00a0sostenibile\u00a0e un po&#8217; la <strong>Bce<\/strong> (molto molto poco) un po&#8217; i grandi investitori che prendono profitto cominciano a scaricare attivit\u00e0 denominate in euro come titoli di Stato, azioni, eccetera. L&#8217;euro\/dollaro attualmente \u00e8 poco sopra 1,34 e con le polemiche tra <strong>Francia<\/strong> e <strong>Germania<\/strong> su <strong>bilancio Ue<\/strong> e soprattutto sulla <strong>svalutazione<\/strong> della moneta unica, il trend \u00e8 destinato a proseguire. Chiaro che questa tendenza\u00a0abbia come effetto la discesa dei corsi di azioni e obbligazioni; di conseguenza \u00a0non pu\u00f2 stupire la discesa ora in corso, con la connessa debolezza del settore obbligazionario.<\/p>\n<p>2) Il fenomeno della <strong>heavy rotation<\/strong> (grande rotazione di portafoglio). I\u00a0principali <strong>fondi Usa<\/strong> &#8211; come segnalano\u00a0<strong>Jw Partners<\/strong> e <strong>R&amp;CA<\/strong>)\u00a0stanno variando la composizione dei loro investimenti. I bassi rendimenti offerti dai titoli\u00a0<strong>obbligazionari<\/strong> di <strong>breve durata<\/strong> e i segnali (timidi ma consistenti) di ripresa degli utili societari da parte delle grandi multinazionali stanno suggerendo\u00a0di spostare verso l&#8217;azionario (soprattutto Usa) l&#8217;attenzione. \u00c8 un fenomeno ancora in divenire (soprattutto fino a quando non si avr\u00e0 chiarezza definitiva sulla possibilit\u00e0 o meno di un ulteriore rafforzamento dell&#8217;euro), ma la strada \u00e8 segnata. Anche se ogni tanto i dati macro deludono queste aspettative.<\/p>\n<p>Da questi due assunti deriva un corollario: \u00ab<span style=\"text-decoration: underline\"><strong>La protezione si compra in Germania<\/strong><\/span>\u00bb. I grandi fondi e le grandi banche di investimento al momento sono propense a scommettere su una ripresa dell&#8217;attivit\u00e0 economica negli Stati Uniti. Come abbiamo visto qualche indicazione c&#8217;\u00e8 e sembra incoraggiante. Ma gli investitori professionali non prendono decisioni senza prima sottoscrivere una <strong>polizza assicurativa<\/strong>. E questa polizza si chiama Germania. Ogni grande speculatore (nel senso buono del termine) ha in portafoglio Bund tedeschi o <strong>tassi dell&#8217;area euro<\/strong>. Se le cose vanno male, l\u00ec c&#8217;\u00e8 un rendimento bassissimo che salvaguarda il capitale.<\/p>\n<p>Ne consegue che tutti coloro che rendono questa compagnia assicurativa con sede a Berlino e con amministratore delegato <strong>Angela Merkel<\/strong> meno affidabile siano guardati con sospetto. E proprio per questo concludiamo con una domanda retorica di natura politica. Per quale ragione pensate che qualche giorno fa il segretario del <strong>Pd<\/strong>, <strong>Pier Luigi Bersani<\/strong>, sia andato in pellegrinaggio \u00a0a <strong>Berlino<\/strong>? Per bersi una birra guardando la \u00a0<strong>Porta di Brandeburgo<\/strong>? Naah&#8230;<\/p>\n<p><strong>Wall &amp; Street<\/strong><\/p>\n<p>&nbsp;<\/p>\n","protected":false},"excerpt":{"rendered":"<p><p>Prima il Wall Street Journal e il Financial Times,\u00a0poi Bloomberg.\u00a0La\u00a0grande stampa finanziaria degli Stati Uniti\u00a0\u00a0scarica tutta la responsabilit\u00e0 del calo delle Borse internazionali su quella che considera la\u00a0\u00a0campagna \u00abanti-austerit\u00e0\u00bb rilanciata dal Pdl in vista dell&#8217;ormai prossimo appuntamento elettorale. In buona sostanza, secondo i commentatori Usa, i mercati avrebbero valutato negativamente l&#8217;annuncio di Silvio Berlusconi di restituire \u00a0l&#8217;Imu sulla prima casa alle famiglie italiane come primo atto\u00a0di governo (in caso di vittoria)\u00a0per rimediare alla scartavetrata di tasse con cui il governo di Mario Monti\u00a0ha ulteriormente danneggiato (e questo \u00e8 inconfutabile) i gi\u00e0 pericolanti bilanci di imprese e cittadini. Wall &amp; Street [&hellip;]<\/p>\n&nbsp;&nbsp;<div class=\"readmore\"><a href=\"https:\/\/blog.ilgiornale.it\/wallandstreet\/2013\/02\/07\/quelle-false-lezioni-americane\/\">Continua a leggere...<\/a><\/div><\/p>","protected":false},"author":1005,"featured_media":0,"comment_status":"open","ping_status":"closed","sticky":false,"template":"","format":"standard","meta":[],"categories":[60],"tags":[14463,17124,22736,3824,15685,829,15660,17090,14,35,22739,22732,5752,11777,22741,22733,22738,5751,753,12993,17014,22737],"_links":{"self":[{"href":"https:\/\/blog.ilgiornale.it\/wallandstreet\/wp-json\/wp\/v2\/posts\/947"}],"collection":[{"href":"https:\/\/blog.ilgiornale.it\/wallandstreet\/wp-json\/wp\/v2\/posts"}],"about":[{"href":"https:\/\/blog.ilgiornale.it\/wallandstreet\/wp-json\/wp\/v2\/types\/post"}],"author":[{"embeddable":true,"href":"https:\/\/blog.ilgiornale.it\/wallandstreet\/wp-json\/wp\/v2\/users\/1005"}],"replies":[{"embeddable":true,"href":"https:\/\/blog.ilgiornale.it\/wallandstreet\/wp-json\/wp\/v2\/comments?post=947"}],"version-history":[{"count":16,"href":"https:\/\/blog.ilgiornale.it\/wallandstreet\/wp-json\/wp\/v2\/posts\/947\/revisions"}],"predecessor-version":[{"id":4106,"href":"https:\/\/blog.ilgiornale.it\/wallandstreet\/wp-json\/wp\/v2\/posts\/947\/revisions\/4106"}],"wp:attachment":[{"href":"https:\/\/blog.ilgiornale.it\/wallandstreet\/wp-json\/wp\/v2\/media?parent=947"}],"wp:term":[{"taxonomy":"category","embeddable":true,"href":"https:\/\/blog.ilgiornale.it\/wallandstreet\/wp-json\/wp\/v2\/categories?post=947"},{"taxonomy":"post_tag","embeddable":true,"href":"https:\/\/blog.ilgiornale.it\/wallandstreet\/wp-json\/wp\/v2\/tags?post=947"}],"curies":[{"name":"wp","href":"https:\/\/api.w.org\/{rel}","templated":true}]}}